{"id":27125,"date":"2025-03-24T11:34:53","date_gmt":"2025-03-24T05:34:53","guid":{"rendered":"https:\/\/biztrend24.com\/?p=27125"},"modified":"2025-03-24T11:34:53","modified_gmt":"2025-03-24T05:34:53","slug":"istanbul-mayor-arrested-huge-protests-in-turkey","status":"publish","type":"post","link":"https:\/\/biztrend24.com\/?p=27125&lang=en","title":{"rendered":"Istanbul mayor arrested, huge protests in Turkey"},"content":{"rendered":"<p>The arrest of Erdogan&#8217;s opposition leader and Istanbul mayor has sparked a furore in Turkey. Protests have spread to other cities, including the capital. Mayor Imamoglu&#8217;s wife has joined the protests. She claims that Erdogan will not be able to stay in power for much longer.<\/p>\n<p>Recently, Istanbul Mayor Ekrem Imamoglu was arrested on corruption charges. First, he was detained. Later, he was arrested and taken to court. He was taken to Marmara Prison on the court&#8217;s order. Protests began in Istanbul after Imamoglu&#8217;s arrest. Thousands of people took to the streets. They have been occupying the streets and demonstrating for the past five days.<\/p>\n<p>Imamoglu&#8217;s wife Dilek Kaya Imamoglu joined the protest yesterday, Sunday. She told thousands of people, &#8220;Erdogan&#8217;s time is over. This time he will lose.&#8221;<\/p>\n<p>She said that Ekrem was arrested unjustly. The people of the country are being treated unfairly, unjustly. Erdogan must take responsibility for this.<\/p>\n<p>Ekrem \u0130mamo\u011flu is a staunch opponent of Turkish President Recep Tayyip Erdo\u011fan. He was fighting against Erdo\u011fan as mayor in Istanbul. Allegedly, he was unjustly imprisoned for that reason.<\/p>\n<p>\u0130mamo\u011flu&#8217;s supporters organized a symbolic vote across the country. They set up ballot boxes in various cities. It is claimed that people who are not supporters of the opposition CHP were also invited to participate in the symbolic vote. The CHP said that about 15 million people participated in the vote. In some areas, the crowd was so large that the voting time had to be extended by three and a half hours. It is claimed that 13 million people out of 15 million people voted in support of \u0130mamo\u011flu.<\/p>\n<p>\u0130mamo\u011flu was first elected mayor in 2019. He was re-elected last year. After learning the results of the symbolic vote, he wrote on his X handle from prison, &#8216;The people of the country have given Erdo\u011fan a message. Enough has happened, no more.&#8217;<\/p>\n","protected":false},"excerpt":{"rendered":"<p>The arrest of Erdogan&#8217;s opposition leader and Istanbul mayor has sparked a furore in Turkey&#8230;.<\/p>\n","protected":false},"author":1,"featured_media":27126,"comment_status":"open","ping_status":"open","sticky":false,"template":"","format":"standard","meta":{"_jetpack_memberships_contains_paid_content":false,"footnotes":"","jetpack_publicize_message":"","jetpack_publicize_feature_enabled":true,"jetpack_social_post_already_shared":true,"jetpack_social_options":{"image_generator_settings":{"template":"highway","default_image_id":0,"font":"","enabled":false},"version":2}},"categories":[115],"tags":[],"class_list":["post-27125","post","type-post","status-publish","format-standard","has-post-thumbnail","hentry","category-international"],"jetpack_publicize_connections":[],"featured_image_urls":{"full":["https:\/\/i0.wp.com\/biztrend24.com\/wp-content\/uploads\/2025\/03\/Screenshot-2025-03-24-113143.jpg?fit=641%2C335&ssl=1",641,335,false],"thumbnail":["https:\/\/i0.wp.com\/biztrend24.com\/wp-content\/uploads\/2025\/03\/Screenshot-2025-03-24-113143.jpg?resize=150%2C150&ssl=1",150,150,true],"medium":["https:\/\/i0.wp.com\/biztrend24.com\/wp-content\/uploads\/2025\/03\/Screenshot-2025-03-24-113143.jpg?fit=300%2C157&ssl=1",300,157,true],"medium_large":["https:\/\/i0.wp.com\/biztrend24.com\/wp-content\/uploads\/2025\/03\/Screenshot-2025-03-24-113143.jpg?fit=640%2C334&ssl=1",640,334,true],"large":["https:\/\/i0.wp.com\/biztrend24.com\/wp-content\/uploads\/2025\/03\/Screenshot-2025-03-24-113143.jpg?fit=640%2C334&ssl=1",640,334,true],"1536x1536":["https:\/\/i0.wp.com\/biztrend24.com\/wp-content\/uploads\/2025\/03\/Screenshot-2025-03-24-113143.jpg?fit=641%2C335&ssl=1",641,335,true],"2048x2048":["https:\/\/i0.wp.com\/biztrend24.com\/wp-content\/uploads\/2025\/03\/Screenshot-2025-03-24-113143.jpg?fit=641%2C335&ssl=1",641,335,true],"covernews-slider-full":["https:\/\/i0.wp.com\/biztrend24.com\/wp-content\/uploads\/2025\/03\/Screenshot-2025-03-24-113143.jpg?resize=641%2C335&ssl=1",641,335,true],"covernews-slider-center":["https:\/\/i0.wp.com\/biztrend24.com\/wp-content\/uploads\/2025\/03\/Screenshot-2025-03-24-113143.jpg?resize=641%2C335&ssl=1",641,335,true],"covernews-featured":["https:\/\/i0.wp.com\/biztrend24.com\/wp-content\/uploads\/2025\/03\/Screenshot-2025-03-24-113143.jpg?fit=641%2C335&ssl=1",641,335,true],"covernews-medium":["https:\/\/i0.wp.com\/biztrend24.com\/wp-content\/uploads\/2025\/03\/Screenshot-2025-03-24-113143.jpg?resize=540%2C335&ssl=1",540,335,true],"covernews-medium-square":["https:\/\/i0.wp.com\/biztrend24.com\/wp-content\/uploads\/2025\/03\/Screenshot-2025-03-24-113143.jpg?resize=400%2C250&ssl=1",400,250,true]},"author_info":{"display_name":"Biz Trend 24","author_link":"https:\/\/biztrend24.com\/author\/online24"},"category_info":"<a href=\"https:\/\/biztrend24.com\/?cat=115&#038;lang=en\" rel=\"category\">International<\/a>","tag_info":"International","comment_count":0,"jetpack_featured_media_url":"https:\/\/i0.wp.com\/biztrend24.com\/wp-content\/uploads\/2025\/03\/Screenshot-2025-03-24-113143.jpg?fit=641%2C335&ssl=1","jetpack-related-posts":[{"id":46534,"url":"https:\/\/biztrend24.com\/?p=46534&lang=en","url_meta":{"origin":27125,"position":0},"title":"Turkey issues arrest warrants for Netanyahu, 38 Israeli officials","author":"Biz Trend 24","date":"November 8, 2025","format":false,"excerpt":"Turkey's Istanbul prosecutor's office has issued arrest warrants for Israeli Prime Minister Benjamin Netanyahu and 37 other Israeli officials on charges of genocide and crimes against humanity. The top public prosecutor's office in Istanbul issued the warrants on Friday (November 7), CNN and the Times of India reported. The defendants\u2026","rel":"","context":"In &quot;International&quot;","block_context":{"text":"International","link":"https:\/\/biztrend24.com\/?cat=115&lang=en"},"img":{"alt_text":"","src":"https:\/\/i0.wp.com\/biztrend24.com\/wp-content\/uploads\/2025\/11\/Untitled_design_-_2025-11-08T104600.092_1200x630-1.jpg?fit=1200%2C630&ssl=1%3Fv%3D1762577866&resize=350%2C200","width":350,"height":200,"srcset":"https:\/\/i0.wp.com\/biztrend24.com\/wp-content\/uploads\/2025\/11\/Untitled_design_-_2025-11-08T104600.092_1200x630-1.jpg?fit=1200%2C630&ssl=1%3Fv%3D1762577866&resize=350%2C200 1x, https:\/\/i0.wp.com\/biztrend24.com\/wp-content\/uploads\/2025\/11\/Untitled_design_-_2025-11-08T104600.092_1200x630-1.jpg?fit=1200%2C630&ssl=1%3Fv%3D1762577866&resize=525%2C300 1.5x, https:\/\/i0.wp.com\/biztrend24.com\/wp-content\/uploads\/2025\/11\/Untitled_design_-_2025-11-08T104600.092_1200x630-1.jpg?fit=1200%2C630&ssl=1%3Fv%3D1762577866&resize=700%2C400 2x, https:\/\/i0.wp.com\/biztrend24.com\/wp-content\/uploads\/2025\/11\/Untitled_design_-_2025-11-08T104600.092_1200x630-1.jpg?fit=1200%2C630&ssl=1%3Fv%3D1762577866&resize=1050%2C600 3x"},"classes":[]},{"id":41189,"url":"https:\/\/biztrend24.com\/?p=41189&lang=en","url_meta":{"origin":27125,"position":1},"title":"Anti-Trump protests heat up in Washington","author":"Biz Trend 24","date":"September 7, 2025","format":false,"excerpt":"The US capital, Washington DC, has become a violent place in the protests against Donald Trump. In addition, protests have also spread to Chicago, the largest city in the state of Illinois. Protesters have gathered in these two largest cities of the country against the president's anti-illegal immigration campaign and\u2026","rel":"","context":"In &quot;International&quot;","block_context":{"text":"International","link":"https:\/\/biztrend24.com\/?cat=115&lang=en"},"img":{"alt_text":"","src":"https:\/\/i0.wp.com\/biztrend24.com\/wp-content\/uploads\/2025\/09\/Untitled-design-2025-09-07T150244.740.jpg?fit=1200%2C675&ssl=1&resize=350%2C200","width":350,"height":200,"srcset":"https:\/\/i0.wp.com\/biztrend24.com\/wp-content\/uploads\/2025\/09\/Untitled-design-2025-09-07T150244.740.jpg?fit=1200%2C675&ssl=1&resize=350%2C200 1x, https:\/\/i0.wp.com\/biztrend24.com\/wp-content\/uploads\/2025\/09\/Untitled-design-2025-09-07T150244.740.jpg?fit=1200%2C675&ssl=1&resize=525%2C300 1.5x, https:\/\/i0.wp.com\/biztrend24.com\/wp-content\/uploads\/2025\/09\/Untitled-design-2025-09-07T150244.740.jpg?fit=1200%2C675&ssl=1&resize=700%2C400 2x, https:\/\/i0.wp.com\/biztrend24.com\/wp-content\/uploads\/2025\/09\/Untitled-design-2025-09-07T150244.740.jpg?fit=1200%2C675&ssl=1&resize=1050%2C600 3x"},"classes":[]},{"id":62606,"url":"https:\/\/biztrend24.com\/?p=62606&lang=en","url_meta":{"origin":27125,"position":2},"title":"Zelensky wants direct talks with Putin","author":"Biz Trend 24","date":"April 6, 2026","format":false,"excerpt":"Ukrainian President Volodymyr Zelensky said he was ready to hold direct talks with Russian President Vladimir Putin, after meeting with Turkish President Recep Tayyip Erdogan in Istanbul. Ukrainian President Volodymyr Zelensky met with Turkish President Recep Tayyip Erdogan in Istanbul on Saturday (April 4). During the meeting, Erdogan reiterated his\u2026","rel":"","context":"In &quot;International&quot;","block_context":{"text":"International","link":"https:\/\/biztrend24.com\/?cat=115&lang=en"},"img":{"alt_text":"","src":"https:\/\/i0.wp.com\/biztrend24.com\/wp-content\/uploads\/2026\/04\/Untitled_design_97_1200x630-1.jpg?fit=1200%2C630&ssl=1%3Fv%3D1775459311&resize=350%2C200","width":350,"height":200,"srcset":"https:\/\/i0.wp.com\/biztrend24.com\/wp-content\/uploads\/2026\/04\/Untitled_design_97_1200x630-1.jpg?fit=1200%2C630&ssl=1%3Fv%3D1775459311&resize=350%2C200 1x, https:\/\/i0.wp.com\/biztrend24.com\/wp-content\/uploads\/2026\/04\/Untitled_design_97_1200x630-1.jpg?fit=1200%2C630&ssl=1%3Fv%3D1775459311&resize=525%2C300 1.5x, https:\/\/i0.wp.com\/biztrend24.com\/wp-content\/uploads\/2026\/04\/Untitled_design_97_1200x630-1.jpg?fit=1200%2C630&ssl=1%3Fv%3D1775459311&resize=700%2C400 2x, https:\/\/i0.wp.com\/biztrend24.com\/wp-content\/uploads\/2026\/04\/Untitled_design_97_1200x630-1.jpg?fit=1200%2C630&ssl=1%3Fv%3D1775459311&resize=1050%2C600 3x"},"classes":[]},{"id":53864,"url":"https:\/\/biztrend24.com\/?p=53864&lang=en","url_meta":{"origin":27125,"position":3},"title":"First death penalty for protest participation in Iran","author":"Biz Trend 24","date":"January 13, 2026","format":false,"excerpt":"Iran is set to execute a protester for the first time on charges of anti-government protests. According to the New York Post, human rights groups say 26-year-old Erfan Soltani could be hanged next Wednesday. Meanwhile, according to Iran Human Rights and the National Union for Democracy in Iran, Erfan Soltani\u2026","rel":"","context":"In &quot;International&quot;","block_context":{"text":"International","link":"https:\/\/biztrend24.com\/?cat=115&lang=en"},"img":{"alt_text":"","src":"https:\/\/i0.wp.com\/biztrend24.com\/wp-content\/uploads\/2026\/01\/Untitled_design_-_2026-01-13T114526.095_1200x630.jpg?fit=1200%2C630&ssl=1%3Fv%3D1768283204&resize=350%2C200","width":350,"height":200,"srcset":"https:\/\/i0.wp.com\/biztrend24.com\/wp-content\/uploads\/2026\/01\/Untitled_design_-_2026-01-13T114526.095_1200x630.jpg?fit=1200%2C630&ssl=1%3Fv%3D1768283204&resize=350%2C200 1x, https:\/\/i0.wp.com\/biztrend24.com\/wp-content\/uploads\/2026\/01\/Untitled_design_-_2026-01-13T114526.095_1200x630.jpg?fit=1200%2C630&ssl=1%3Fv%3D1768283204&resize=525%2C300 1.5x, https:\/\/i0.wp.com\/biztrend24.com\/wp-content\/uploads\/2026\/01\/Untitled_design_-_2026-01-13T114526.095_1200x630.jpg?fit=1200%2C630&ssl=1%3Fv%3D1768283204&resize=700%2C400 2x, https:\/\/i0.wp.com\/biztrend24.com\/wp-content\/uploads\/2026\/01\/Untitled_design_-_2026-01-13T114526.095_1200x630.jpg?fit=1200%2C630&ssl=1%3Fv%3D1768283204&resize=1050%2C600 3x"},"classes":[]},{"id":37953,"url":"https:\/\/biztrend24.com\/?p=37953&lang=en","url_meta":{"origin":27125,"position":4},"title":"Thousands protest in Istanbul against massacre in Gaza","author":"Biz Trend 24","date":"August 10, 2025","format":false,"excerpt":"Thousands of people have protested in Istanbul over the massacre and hunger in Gaza. Thousands of pro-Palestinian protesters gathered in Istanbul's Beyazit Square after Maghrib prayers on Saturday evening (August 9) local time to protest against Israel's ongoing massacre and food shortages in Gaza, Turkey's state news agency Anadolu Agency\u2026","rel":"","context":"In &quot;International&quot;","block_context":{"text":"International","link":"https:\/\/biztrend24.com\/?cat=115&lang=en"},"img":{"alt_text":"","src":"https:\/\/i0.wp.com\/biztrend24.com\/wp-content\/uploads\/2025\/08\/Untitled-design-2025-08-10T161441.316.jpg?fit=1200%2C675&ssl=1&resize=350%2C200","width":350,"height":200,"srcset":"https:\/\/i0.wp.com\/biztrend24.com\/wp-content\/uploads\/2025\/08\/Untitled-design-2025-08-10T161441.316.jpg?fit=1200%2C675&ssl=1&resize=350%2C200 1x, https:\/\/i0.wp.com\/biztrend24.com\/wp-content\/uploads\/2025\/08\/Untitled-design-2025-08-10T161441.316.jpg?fit=1200%2C675&ssl=1&resize=525%2C300 1.5x, https:\/\/i0.wp.com\/biztrend24.com\/wp-content\/uploads\/2025\/08\/Untitled-design-2025-08-10T161441.316.jpg?fit=1200%2C675&ssl=1&resize=700%2C400 2x, https:\/\/i0.wp.com\/biztrend24.com\/wp-content\/uploads\/2025\/08\/Untitled-design-2025-08-10T161441.316.jpg?fit=1200%2C675&ssl=1&resize=1050%2C600 3x"},"classes":[]},{"id":62811,"url":"https:\/\/biztrend24.com\/?p=62811&lang=en","url_meta":{"origin":27125,"position":5},"title":"3 killed in shooting near Israeli consulate in Istanbul","author":"Biz Trend 24","date":"April 7, 2026","format":false,"excerpt":"Turkish media reported that three people were killed and two police officers were injured in a shooting near the Israeli consulate in Istanbul. Reuters video footage showed a police officer taking cover for self-defense when gunfire was heard. One man was also seen covered in blood. Al Jazeera journalist Sinem\u2026","rel":"","context":"In &quot;International&quot;","block_context":{"text":"International","link":"https:\/\/biztrend24.com\/?cat=115&lang=en"},"img":{"alt_text":"","src":"https:\/\/i0.wp.com\/biztrend24.com\/wp-content\/uploads\/2026\/04\/Untitled_design_21_1200x630-1.jpg?fit=1200%2C630&ssl=1%3Fv%3D1775560680&resize=350%2C200","width":350,"height":200,"srcset":"https:\/\/i0.wp.com\/biztrend24.com\/wp-content\/uploads\/2026\/04\/Untitled_design_21_1200x630-1.jpg?fit=1200%2C630&ssl=1%3Fv%3D1775560680&resize=350%2C200 1x, https:\/\/i0.wp.com\/biztrend24.com\/wp-content\/uploads\/2026\/04\/Untitled_design_21_1200x630-1.jpg?fit=1200%2C630&ssl=1%3Fv%3D1775560680&resize=525%2C300 1.5x, https:\/\/i0.wp.com\/biztrend24.com\/wp-content\/uploads\/2026\/04\/Untitled_design_21_1200x630-1.jpg?fit=1200%2C630&ssl=1%3Fv%3D1775560680&resize=700%2C400 2x, https:\/\/i0.wp.com\/biztrend24.com\/wp-content\/uploads\/2026\/04\/Untitled_design_21_1200x630-1.jpg?fit=1200%2C630&ssl=1%3Fv%3D1775560680&resize=1050%2C600 3x"},"classes":[]}],"jetpack_sharing_enabled":true,"_links":{"self":[{"href":"https:\/\/biztrend24.com\/index.php?rest_route=\/wp\/v2\/posts\/27125","targetHints":{"allow":["GET"]}}],"collection":[{"href":"https:\/\/biztrend24.com\/index.php?rest_route=\/wp\/v2\/posts"}],"about":[{"href":"https:\/\/biztrend24.com\/index.php?rest_route=\/wp\/v2\/types\/post"}],"author":[{"embeddable":true,"href":"https:\/\/biztrend24.com\/index.php?rest_route=\/wp\/v2\/users\/1"}],"replies":[{"embeddable":true,"href":"https:\/\/biztrend24.com\/index.php?rest_route=%2Fwp%2Fv2%2Fcomments&post=27125"}],"version-history":[{"count":1,"href":"https:\/\/biztrend24.com\/index.php?rest_route=\/wp\/v2\/posts\/27125\/revisions"}],"predecessor-version":[{"id":27127,"href":"https:\/\/biztrend24.com\/index.php?rest_route=\/wp\/v2\/posts\/27125\/revisions\/27127"}],"wp:featuredmedia":[{"embeddable":true,"href":"https:\/\/biztrend24.com\/index.php?rest_route=\/wp\/v2\/media\/27126"}],"wp:attachment":[{"href":"https:\/\/biztrend24.com\/index.php?rest_route=%2Fwp%2Fv2%2Fmedia&parent=27125"}],"wp:term":[{"taxonomy":"category","embeddable":true,"href":"https:\/\/biztrend24.com\/index.php?rest_route=%2Fwp%2Fv2%2Fcategories&post=27125"},{"taxonomy":"post_tag","embeddable":true,"href":"https:\/\/biztrend24.com\/index.php?rest_route=%2Fwp%2Fv2%2Ftags&post=27125"}],"curies":[{"name":"wp","href":"https:\/\/api.w.org\/{rel}","templated":true}]}}